[{"@context":"https:\/\/schema.org\/","@type":"Article","@id":"https:\/\/www.cmuch.cz\/pripomenme-si-legendarni-mercedes-w123-modelem-1-18\/#Article","mainEntityOfPage":"https:\/\/www.cmuch.cz\/pripomenme-si-legendarni-mercedes-w123-modelem-1-18\/","headline":"P\u0159ipome\u0148me si legend\u00e1rn\u00ed Mercedes W123 modelem 1:18","name":"P\u0159ipome\u0148me si legend\u00e1rn\u00ed Mercedes W123 modelem 1:18","description":"\u0158\u00edk\u00e1 v\u00e1m n\u011bco film Bony a klid s Janem Potm\u011b\u0161ilem v hlavn\u00ed roli? Byl nato\u010den v roce 1987, tedy v dob\u011b, kdy u n\u00e1s mezi lidmi zesilovala touha po technick\u00fdch novink\u00e1ch a odli\u0161n\u00e9m \u017eivotn\u00edm stylu obyvatel zem\u00ed z\u00e1padn\u00ed Evropy a bylo ji\u017e na spadnut\u00ed, \u017ee socialismus p\u0159estane existovat, ot\u00e1zkou bylo jen, zda to bude za ... <a title=\"P\u0159ipome\u0148me si legend\u00e1rn\u00ed Mercedes W123 modelem 1:18\" class=\"read-more\" href=\"https:\/\/www.cmuch.cz\/pripomenme-si-legendarni-mercedes-w123-modelem-1-18\/\">Read more<span class=\"screen-reader-text\">P\u0159ipome\u0148me si legend\u00e1rn\u00ed Mercedes W123 modelem 1:18<\/span><\/a>","datePublished":"2024-12-14","dateModified":"2024-12-14","author":{"@type":"Person","@id":"https:\/\/www.cmuch.cz\/author\/#Person","name":"","url":"https:\/\/www.cmuch.cz\/author\/","identifier":1,"image":{"@type":"ImageObject","@id":"https:\/\/secure.gravatar.com\/avatar\/7b822bed19dfbc78d1cf42b3649cc2489d12c54b7aef64ae719c01ed9f13d563?s=96&d=mm&r=g","url":"https:\/\/secure.gravatar.com\/avatar\/7b822bed19dfbc78d1cf42b3649cc2489d12c54b7aef64ae719c01ed9f13d563?s=96&d=mm&r=g","height":96,"width":96}},"publisher":{"@type":"Organization","name":"cmuch.cz","logo":{"@type":"ImageObject","@id":"\/logo.png","url":"\/logo.png","width":600,"height":60}},"image":{"@type":"ImageObject","@id":"https:\/\/www.cmuch.cz\/wp-content\/uploads\/mercedes-benz-w123-6804891_640.jpg","url":"https:\/\/www.cmuch.cz\/wp-content\/uploads\/mercedes-benz-w123-6804891_640.jpg","height":0,"width":0},"url":"https:\/\/www.cmuch.cz\/pripomenme-si-legendarni-mercedes-w123-modelem-1-18\/","about":["N\u00e1kupy"],"wordCount":430,"articleBody":"   \u0158\u00edk\u00e1 v\u00e1m n\u011bco film Bony a klid s Janem Potm\u011b\u0161ilem v hlavn\u00ed roli? Byl nato\u010den v roce 1987, tedy v dob\u011b, kdy u n\u00e1s mezi lidmi zesilovala touha po technick\u00fdch novink\u00e1ch a odli\u0161n\u00e9m \u017eivotn\u00edm stylu obyvatel zem\u00ed z\u00e1padn\u00ed Evropy a bylo ji\u017e na spadnut\u00ed, \u017ee socialismus p\u0159estane existovat, ot\u00e1zkou bylo jen, zda to bude za rok, za dva \u010di za t\u0159i. Osmdes\u00e1t\u00e1 l\u00e9ta byla v na\u0161\u00ed zemi v porovn\u00e1n\u00ed s dobou poloviny dvac\u00e1t\u00e9ho stolet\u00ed nesrovnateln\u00e1, co\u017e se tak\u00e9 projevilo P\u0159estavbou hospod\u00e1\u0159sk\u00e9ho mechanismu, tzv. Perestrojkou s postupn\u00fdm uvol\u0148ov\u00e1n\u00edm oprat\u00ed. Ve filmu Bony a klid byla v\u0161ak tak\u00e9 dob\u0159e zn\u00e1zorn\u011bna odvr\u00e1cen\u00e1 tv\u00e1\u0159 \u017eivota veksl\u00e1k\u016f, kte\u0159\u00ed se pot\u00fdkali s mnoha probl\u00e9my, a\u010d by se mohlo zd\u00e1t, \u017ee si \u017eij\u00ed na vysok\u00e9 noze a b\u011b\u017en\u00fdmi smrteln\u00edky pohrdaj\u00ed. A aby byl film dostate\u010dn\u011b v\u011brohodn\u00fd, sc\u00e9n\u00e1\u0159 a re\u017eie soust\u0159edily pozornost na veksl\u00e1ck\u00fd vozov\u00fd park, kam neodmysliteln\u011b pat\u0159il i Mercedes-Benz W 123. Tato vozidla se vyr\u00e1b\u011bla od poloviny sedmdes\u00e1t\u00fdch let do poloviny let osmdes\u00e1t\u00fdch a pat\u0159ila v na\u0161\u00ed zemi k symbol\u016fm kapitalistick\u00e9ho zp\u016fsobu \u017eivota, zejm\u00e9na vy\u0161\u0161\u00edho \u017eivotn\u00edho standardu, co se t\u00fd\u010de majetkov\u00fdch pom\u011br\u016f. Nen\u00ed tedy divu, \u017ee pr\u00e1v\u011b tento v\u016fz byl tak\u00e9 vzorem pro \u010desk\u00e9 filma\u0159e, a \u017ee se objevil ve v\u00edce filmech, nejen ve zm\u00edn\u011bn\u00e9m Bony a klid. Ve sv\u00e9 dob\u011b byl tento typ Mercedesu velmi elegantn\u00ed a verze W123 300D Kamei v b\u00edl\u00e9 barv\u011b byla pro veksl\u00e1ky skute\u010dn\u00fdm luxusem, s n\u00edm\u017e osl\u0148ovali sv\u00e9 okol\u00ed, jen\u017ee od konce osmdes\u00e1t\u00fdch let uplynulo ji\u017e t\u00e9m\u011b\u0159 \u010dty\u0159icet let a tento v\u016fz definitivn\u011b zapadl mezi mnoho jin\u00fdch veter\u00e1n\u016f t\u00e9 doby, i kdy\u017e se st\u00e1le prod\u00e1v\u00e1 za pom\u011brn\u011b vysokou cenu kolem sta tis\u00edc korun. V porovn\u00e1n\u00ed se sou\u010dasnou technikou je u\u017e sp\u00ed\u0161e \u00fasm\u011bvn\u00fdm p\u0159ipomenut\u00edm nen\u00e1vratn\u011b zmizel\u00e9 doby re\u00e1ln\u00e9ho socialismu, ale chcete-li m\u00edt tuto p\u0159ipom\u00ednku p\u0159ed sebou t\u0159eba ve va\u0161em ob\u00fdv\u00e1ku, po\u0159i\u010fte si model auta v m\u011b\u0159\u00edtku 1:18, alespo\u0148 ve verzi 230E z roku 1975. Model je vyhotoven velmi precizn\u011b, v kr\u00e1sn\u00e9 sv\u00edtiv\u011b \u010derven\u00e9 barv\u011b, kter\u00e1 vyzdob\u00ed v\u00e1\u0161 interi\u00e9r neuv\u011b\u0159iteln\u00fdm zp\u016fsobem.                                                                                                                                                                                                                                                                                                                                                                                          4.8\/5 - (10 votes)        "},{"@context":"https:\/\/schema.org\/","@type":"BreadcrumbList","itemListElement":[{"@type":"ListItem","position":1,"name":"P\u0159ipome\u0148me si legend\u00e1rn\u00ed Mercedes W123 modelem 1:18","item":"https:\/\/www.cmuch.cz\/pripomenme-si-legendarni-mercedes-w123-modelem-1-18\/#breadcrumbitem"}]}]