[{"@context":"https:\/\/schema.org\/","@type":"Article","@id":"https:\/\/www.cmuch.cz\/provedte-vase-pratele-ze-zahranici-nasimi-narodnimi-parky-s-pronajatym-vozem\/#Article","mainEntityOfPage":"https:\/\/www.cmuch.cz\/provedte-vase-pratele-ze-zahranici-nasimi-narodnimi-parky-s-pronajatym-vozem\/","headline":"Prove\u010fte va\u0161e p\u0159\u00e1tele ze zahrani\u010d\u00ed na\u0161imi n\u00e1rodn\u00edmi parky s pronajat\u00fdm vozem","name":"Prove\u010fte va\u0161e p\u0159\u00e1tele ze zahrani\u010d\u00ed na\u0161imi n\u00e1rodn\u00edmi parky s pronajat\u00fdm vozem","description":"Chyst\u00e1te se p\u0159iv\u00edtat va\u0161e p\u0159\u00e1tele na ruzy\u0148sk\u00e9m leti\u0161ti v Praze, kte\u0159\u00ed k v\u00e1m zav\u00edtaj\u00ed ze zahrani\u010d\u00ed? A budete si za t\u00edmto \u00fa\u010delem pronaj\u00edmat v\u016fz z autop\u016fj\u010dovny leti\u0161t\u011b Praha? Mohl by to b\u00fdt t\u0159eba dev\u00edtim\u00edstn\u00fd mikrobus a t\u00e9matem pro va\u0161e v\u00fdlety by se mohly st\u00e1t n\u00e1rodn\u00ed parky \u010cesk\u00e9 republiky. Na na\u0161em \u00fazem\u00ed se nach\u00e1z\u00ed pouze \u010dty\u0159i ... <a title=\"Prove\u010fte va\u0161e p\u0159\u00e1tele ze zahrani\u010d\u00ed na\u0161imi n\u00e1rodn\u00edmi parky s pronajat\u00fdm vozem\" class=\"read-more\" href=\"https:\/\/www.cmuch.cz\/provedte-vase-pratele-ze-zahranici-nasimi-narodnimi-parky-s-pronajatym-vozem\/\">Read more<span class=\"screen-reader-text\">Prove\u010fte va\u0161e p\u0159\u00e1tele ze zahrani\u010d\u00ed na\u0161imi n\u00e1rodn\u00edmi parky s pronajat\u00fdm vozem<\/span><\/a>","datePublished":"2025-04-18","dateModified":"2025-04-18","author":{"@type":"Person","@id":"https:\/\/www.cmuch.cz\/author\/#Person","name":"","url":"https:\/\/www.cmuch.cz\/author\/","identifier":1,"image":{"@type":"ImageObject","@id":"https:\/\/secure.gravatar.com\/avatar\/7b822bed19dfbc78d1cf42b3649cc2489d12c54b7aef64ae719c01ed9f13d563?s=96&d=mm&r=g","url":"https:\/\/secure.gravatar.com\/avatar\/7b822bed19dfbc78d1cf42b3649cc2489d12c54b7aef64ae719c01ed9f13d563?s=96&d=mm&r=g","height":96,"width":96}},"publisher":{"@type":"Organization","name":"cmuch.cz","logo":{"@type":"ImageObject","@id":"\/logo.png","url":"\/logo.png","width":600,"height":60}},"image":{"@type":"ImageObject","@id":"https:\/\/www.cmuch.cz\/wp-content\/uploads\/czech-republic-2701167_640_8.jpg","url":"https:\/\/www.cmuch.cz\/wp-content\/uploads\/czech-republic-2701167_640_8.jpg","height":0,"width":0},"url":"https:\/\/www.cmuch.cz\/provedte-vase-pratele-ze-zahranici-nasimi-narodnimi-parky-s-pronajatym-vozem\/","about":["Business"],"wordCount":426,"articleBody":"      Chyst\u00e1te se p\u0159iv\u00edtat va\u0161e p\u0159\u00e1tele na ruzy\u0148sk\u00e9m leti\u0161ti v Praze, kte\u0159\u00ed k v\u00e1m zav\u00edtaj\u00ed ze zahrani\u010d\u00ed? A budete si za t\u00edmto \u00fa\u010delem pronaj\u00edmat v\u016fz z autop\u016fj\u010dovny leti\u0161t\u011b Praha? Mohl by to b\u00fdt t\u0159eba dev\u00edtim\u00edstn\u00fd mikrobus a t\u00e9matem pro va\u0161e v\u00fdlety by se mohly st\u00e1t n\u00e1rodn\u00ed parky \u010cesk\u00e9 republiky.Na na\u0161em \u00fazem\u00ed se nach\u00e1z\u00ed pouze \u010dty\u0159i n\u00e1rodn\u00ed parky a z\u0159ejm\u011b k nim v brzk\u00e9 dob\u011b p\u0159ibydou dal\u0161\u00ed dva nebo i v\u00edce oblast\u00ed. Ka\u017edop\u00e1dn\u011b n\u00e1rodn\u00ed park je m\u00edsto, kde se v\u00e1m bude l\u00e9pe set\u0159\u00e1sat stres a p\u0159ich\u00e1zet na jin\u00e9 my\u0161lenky. R\u00e1di bychom v\u00e1m nyn\u00ed p\u0159ipomn\u011bli ta m\u00edsta, kter\u00e1 prozat\u00edm n\u00e1rodn\u00edmi parky nejsou, ale z\u0159ejm\u011b brzy budou:CHKO Kru\u0161n\u00e9 hory \u2013 p\u016fvodn\u011b bylo v pl\u00e1nu uz\u00e1konit n\u00e1rodn\u00edm parkem i Kru\u0161n\u00e9 hory, nakonec se v\u0161ak jedn\u00e1 \u201epouze\u201c o Chr\u00e1n\u011bnou krajinnou oblast Kru\u0161n\u00e9 hory (CHKO). Toto nejz\u00e1padn\u011bj\u0161\u00ed \u010desk\u00e9 poho\u0159\u00ed si zaslou\u017eilo pozornost z\u0159ejm\u011b tak\u00e9 z toho d\u016fvodu, \u017ee tu ji\u017e p\u0159ed mnoha lety pominula t\u011b\u017eba hn\u011bd\u00e9ho uhl\u00ed, a \u017ee se v d\u016fsledku v\u00fdrazn\u00e9ho sn\u00ed\u017een\u00ed emis\u00ed zlep\u0161ilo tamn\u00ed \u017eivotn\u00ed prost\u0159ed\u00ed. V\u0159ele v\u00e1m doporu\u010dujeme vycestovat s vozem z pra\u017esk\u00e9 autop\u016fj\u010dovny do Karlov\u00fdch Var\u016f a d\u00e1le pak do J\u00e1chymova, Bo\u017e\u00edho Daru, Lou\u010dn\u00e9 pod Kl\u00ednovcem, Kov\u00e1\u0159sk\u00e9 a na nejvy\u0161\u0161\u00ed horu Kru\u0161n\u00fdch hor \u2013 Kl\u00ednovec.N\u00e1rodn\u00ed park K\u0159ivokl\u00e1tsko \u2013 kdo z v\u00e1s se n\u011bkdy plavil po Berounce, z\u0159ejm\u011b bude souhlasit s prohl\u00e1\u0161en\u00edm, \u017ee se jedn\u00e1 o jednu z nejkr\u00e1sn\u011bj\u0161\u00edch lokalit v cel\u00e9 Evrop\u011b. Zejm\u00e9na st\u0159edn\u00ed tok Berounky lemuj\u00ed louky, lesy a obrovit\u00e1 skaliska s \u00fa\u017easn\u00fdmi v\u00fdhledy do krajiny a cel\u00e9 oblasti dominuj\u00ed k\u0159ivokl\u00e1tsk\u00e9 lesy. K\u0159ivokl\u00e1tsko a \u00fadol\u00ed Berounky jsou obl\u00edbenou rekrea\u010dn\u00ed z\u00f3nou, kter\u00e1 by mohla u\u010darovat ka\u017ed\u00e9mu z\u00e1jemci o pobyt v neporu\u0161en\u00e9 p\u0159\u00edrod\u011b, nezasa\u017een\u00e9 pr\u016fmyslovou \u010dinnost\u00ed. Mo\u017en\u00e1 se tu na sv\u00fdch toulk\u00e1ch potk\u00e1te s d\u011btmi ze stanov\u00fdch t\u00e1bor\u016f, nap\u0159\u00edklad nedaleko Nezabudic, kde se nach\u00e1z\u00ed obl\u00edben\u00e1 t\u00e1borov\u00e1 z\u00e1kladna ji\u017e mnoho des\u00edtek let.                                                                                                                                                                                                                                                                                                                                                                                          4\/5 - (6 votes)        "},{"@context":"https:\/\/schema.org\/","@type":"BreadcrumbList","itemListElement":[{"@type":"ListItem","position":1,"name":"Prove\u010fte va\u0161e p\u0159\u00e1tele ze zahrani\u010d\u00ed na\u0161imi n\u00e1rodn\u00edmi parky s pronajat\u00fdm vozem","item":"https:\/\/www.cmuch.cz\/provedte-vase-pratele-ze-zahranici-nasimi-narodnimi-parky-s-pronajatym-vozem\/#breadcrumbitem"}]}]